{"id":3223,"date":"2020-04-21T20:58:26","date_gmt":"2020-04-21T18:58:26","guid":{"rendered":"https:\/\/www.aggsa.cat\/rehabilitation-in-lestartit\/"},"modified":"2020-04-21T20:58:26","modified_gmt":"2020-04-21T18:58:26","slug":"rehabilitation-in-lestartit","status":"publish","type":"post","link":"https:\/\/aggsa.cat\/en\/rehabilitation-in-lestartit\/","title":{"rendered":"Rehabilitation in L&#8217;Estartit"},"content":{"rendered":"<p style=\"text-align: justify;\">AGGSA has performed part of the rehabilitation fa\u00e7ade of the \u201cArgonavis Community of Owners\u201d, refurbishing it\u2019s site banisters and the treatment of the concrete structure that was badly damaged due to the ambient where the Building is located.<\/p>\n<p style=\"text-align: justify;\">The treatment consisted in taking off the site banisters that contained rusted metal and replacing it for a new one of stainless steel that is appropriate for the environment of the area.<\/p>\n<p style=\"text-align: justify;\">The culmination of the artificial stone has been replaced for a new one without a metal structure in it\u2019s interior and the forged concrete has been treated with special cement to prevent deterioration.<\/p>\n<p style=\"text-align: justify;\">A full refurbishment makes the Building lasts for many years.<\/p>\n<p><img loading=\"lazy\" decoding=\"async\" class=\"size-medium wp-image-2894\" src=\"https:\/\/www.aggsa.cat\/wp-content\/uploads\/2020\/02\/aggsa-rehabilitaci\u00f3-0-e1581927740447-300x225.jpg\" alt=\"aggsa rehabilitaci\u00f3 de fa\u00e7anes\" width=\"300\" height=\"225\" \/> <img loading=\"lazy\" decoding=\"async\" class=\"size-medium wp-image-2886\" src=\"https:\/\/www.aggsa.cat\/wp-content\/uploads\/2020\/02\/aggsa-rehabilitaci\u00f3-3-300x225.jpg\" alt=\"aggsa rehabilitaci\u00f3 de fa\u00e7anes\" width=\"300\" height=\"225\" \/><\/p>\n<p><img loading=\"lazy\" decoding=\"async\" class=\"size-medium wp-image-2882 alignnone\" src=\"https:\/\/www.aggsa.cat\/wp-content\/uploads\/2020\/02\/aggsa-rehabilitaci\u00f3-2-300x225.jpg\" alt=\"aggsa rehabilitaci\u00f3 de fa\u00e7anes\" width=\"300\" height=\"225\" \/> <img loading=\"lazy\" decoding=\"async\" class=\"size-medium wp-image-2904 alignnone\" src=\"https:\/\/www.aggsa.cat\/wp-content\/uploads\/2020\/02\/aggsa-rehabilitaci\u00f3-6-300x225.jpg\" alt=\"aggsa rehabilitaci\u00f3 de fa\u00e7anes\" width=\"300\" height=\"225\" \/><\/p>\n<p><img loading=\"lazy\" decoding=\"async\" class=\"size-medium wp-image-2908\" src=\"https:\/\/www.aggsa.cat\/wp-content\/uploads\/2020\/02\/aggsa-rehabilitaci\u00f3-5-300x225.jpg\" alt=\"aggsa rehabilitaci\u00f3 de fa\u00e7anes\" width=\"300\" height=\"225\" \/> <img loading=\"lazy\" decoding=\"async\" class=\"size-medium wp-image-2890\" src=\"https:\/\/www.aggsa.cat\/wp-content\/uploads\/2020\/02\/aggsa-rehabilitaci\u00f3-4-300x225.jpg\" alt=\"aggsa rehabilitaci\u00f3 de fa\u00e7anes\" width=\"300\" height=\"225\" \/><\/p>\n","protected":false},"excerpt":{"rendered":"<p>AGGSA has performed part of the rehabilitation fa\u00e7ade of the \u201cArgonavis Community of Owners\u201d, refurbishing it\u2019s site banisters and the treatment of the concrete structure that was badly damaged due to the ambient where the Building is located. The treatment consisted in taking off the site banisters that contained rusted metal and replacing it for [&hellip;]<\/p>\n","protected":false},"author":1,"featured_media":2891,"comment_status":"closed","ping_status":"open","sticky":false,"template":"","format":"standard","meta":{"_et_pb_use_builder":"","_et_pb_old_content":"","_et_gb_content_width":"","_monsterinsights_skip_tracking":false,"_monsterinsights_sitenote_active":false,"_monsterinsights_sitenote_note":"","_monsterinsights_sitenote_category":0,"_joinchat":[],"footnotes":""},"categories":[56],"tags":[],"class_list":["post-3223","post","type-post","status-publish","format-standard","has-post-thumbnail","hentry","category-rehabilitation"],"yoast_head":"<!-- This site is optimized with the Yoast SEO plugin v27.4 - https:\/\/yoast.com\/product\/yoast-seo-wordpress\/ -->\n<title>Rehabilitation in L&#039;Estartit - Aggsa Rehabilitation<\/title>\n<meta name=\"description\" content=\"Rehabilitation of buildings and facades in l&#039;Estartit. An integral rehabilitation that keeps the building for many years.\" \/>\n<meta name=\"robots\" content=\"index, follow, max-snippet:-1, max-image-preview:large, max-video-preview:-1\" \/>\n<link rel=\"canonical\" href=\"https:\/\/aggsa.cat\/en\/rehabilitation-in-lestartit\/\" \/>\n<meta property=\"og:locale\" content=\"en_US\" \/>\n<meta property=\"og:type\" content=\"article\" \/>\n<meta property=\"og:title\" content=\"Rehabilitation in L&#039;Estartit - Aggsa Rehabilitation\" \/>\n<meta property=\"og:description\" content=\"Rehabilitation of buildings and facades in l&#039;Estartit. An integral rehabilitation that keeps the building for many years.\" \/>\n<meta property=\"og:url\" content=\"https:\/\/aggsa.cat\/en\/rehabilitation-in-lestartit\/\" \/>\n<meta property=\"og:site_name\" content=\"Aggsa\" \/>\n<meta property=\"article:publisher\" content=\"https:\/\/www.facebook.com\/aggsa.cat\" \/>\n<meta property=\"article:published_time\" content=\"2020-04-21T18:58:26+00:00\" \/>\n<meta property=\"og:image\" content=\"https:\/\/aggsa.cat\/wp-content\/uploads\/2020\/02\/aggsa-rehabilitaci\u00f3-4.jpg\" \/>\n\t<meta property=\"og:image:width\" content=\"1600\" \/>\n\t<meta property=\"og:image:height\" content=\"1200\" \/>\n\t<meta property=\"og:image:type\" content=\"image\/jpeg\" \/>\n<meta name=\"author\" content=\"aggsa\" \/>\n<meta name=\"twitter:card\" content=\"summary_large_image\" \/>\n<meta name=\"twitter:label1\" content=\"Written by\" \/>\n\t<meta name=\"twitter:data1\" content=\"aggsa\" \/>\n\t<meta name=\"twitter:label2\" content=\"Est. reading time\" \/>\n\t<meta name=\"twitter:data2\" content=\"1 minute\" \/>\n<script type=\"application\/ld+json\" class=\"yoast-schema-graph\">{\"@context\":\"https:\\\/\\\/schema.org\",\"@graph\":[{\"@type\":\"Article\",\"@id\":\"https:\\\/\\\/aggsa.cat\\\/en\\\/rehabilitation-in-lestartit\\\/#article\",\"isPartOf\":{\"@id\":\"https:\\\/\\\/aggsa.cat\\\/en\\\/rehabilitation-in-lestartit\\\/\"},\"author\":{\"name\":\"aggsa\",\"@id\":\"https:\\\/\\\/aggsa.cat\\\/en\\\/#\\\/schema\\\/person\\\/0b861f529c2e0fab24831925e6ff1d02\"},\"headline\":\"Rehabilitation in L&#8217;Estartit\",\"datePublished\":\"2020-04-21T18:58:26+00:00\",\"mainEntityOfPage\":{\"@id\":\"https:\\\/\\\/aggsa.cat\\\/en\\\/rehabilitation-in-lestartit\\\/\"},\"wordCount\":120,\"publisher\":{\"@id\":\"https:\\\/\\\/aggsa.cat\\\/en\\\/#organization\"},\"image\":{\"@id\":\"https:\\\/\\\/aggsa.cat\\\/en\\\/rehabilitation-in-lestartit\\\/#primaryimage\"},\"thumbnailUrl\":\"https:\\\/\\\/aggsa.cat\\\/wp-content\\\/uploads\\\/2020\\\/02\\\/aggsa-rehabilitaci\u00f3-4.jpg\",\"articleSection\":[\"Rehabilitation\"],\"inLanguage\":\"en-US\"},{\"@type\":\"WebPage\",\"@id\":\"https:\\\/\\\/aggsa.cat\\\/en\\\/rehabilitation-in-lestartit\\\/\",\"url\":\"https:\\\/\\\/aggsa.cat\\\/en\\\/rehabilitation-in-lestartit\\\/\",\"name\":\"Rehabilitation in L'Estartit - Aggsa Rehabilitation\",\"isPartOf\":{\"@id\":\"https:\\\/\\\/aggsa.cat\\\/en\\\/#website\"},\"primaryImageOfPage\":{\"@id\":\"https:\\\/\\\/aggsa.cat\\\/en\\\/rehabilitation-in-lestartit\\\/#primaryimage\"},\"image\":{\"@id\":\"https:\\\/\\\/aggsa.cat\\\/en\\\/rehabilitation-in-lestartit\\\/#primaryimage\"},\"thumbnailUrl\":\"https:\\\/\\\/aggsa.cat\\\/wp-content\\\/uploads\\\/2020\\\/02\\\/aggsa-rehabilitaci\u00f3-4.jpg\",\"datePublished\":\"2020-04-21T18:58:26+00:00\",\"description\":\"Rehabilitation of buildings and facades in l'Estartit. An integral rehabilitation that keeps the building for many years.\",\"breadcrumb\":{\"@id\":\"https:\\\/\\\/aggsa.cat\\\/en\\\/rehabilitation-in-lestartit\\\/#breadcrumb\"},\"inLanguage\":\"en-US\",\"potentialAction\":[{\"@type\":\"ReadAction\",\"target\":[\"https:\\\/\\\/aggsa.cat\\\/en\\\/rehabilitation-in-lestartit\\\/\"]}]},{\"@type\":\"ImageObject\",\"inLanguage\":\"en-US\",\"@id\":\"https:\\\/\\\/aggsa.cat\\\/en\\\/rehabilitation-in-lestartit\\\/#primaryimage\",\"url\":\"https:\\\/\\\/aggsa.cat\\\/wp-content\\\/uploads\\\/2020\\\/02\\\/aggsa-rehabilitaci\u00f3-4.jpg\",\"contentUrl\":\"https:\\\/\\\/aggsa.cat\\\/wp-content\\\/uploads\\\/2020\\\/02\\\/aggsa-rehabilitaci\u00f3-4.jpg\",\"width\":1600,\"height\":1200,\"caption\":\"aggsa rehabilitaci\u00f3 de fa\u00e7anes\"},{\"@type\":\"BreadcrumbList\",\"@id\":\"https:\\\/\\\/aggsa.cat\\\/en\\\/rehabilitation-in-lestartit\\\/#breadcrumb\",\"itemListElement\":[{\"@type\":\"ListItem\",\"position\":1,\"name\":\"Inici\",\"item\":\"https:\\\/\\\/aggsa.cat\\\/en\\\/\"},{\"@type\":\"ListItem\",\"position\":2,\"name\":\"Rehabilitation in L&#8217;Estartit\"}]},{\"@type\":\"WebSite\",\"@id\":\"https:\\\/\\\/aggsa.cat\\\/en\\\/#website\",\"url\":\"https:\\\/\\\/aggsa.cat\\\/en\\\/\",\"name\":\"Aggsa\",\"description\":\"Especialistes en la rehabilitaci\u00f3 i manteniment d&#039;edificis\",\"publisher\":{\"@id\":\"https:\\\/\\\/aggsa.cat\\\/en\\\/#organization\"},\"potentialAction\":[{\"@type\":\"SearchAction\",\"target\":{\"@type\":\"EntryPoint\",\"urlTemplate\":\"https:\\\/\\\/aggsa.cat\\\/en\\\/?s={search_term_string}\"},\"query-input\":{\"@type\":\"PropertyValueSpecification\",\"valueRequired\":true,\"valueName\":\"search_term_string\"}}],\"inLanguage\":\"en-US\"},{\"@type\":\"Organization\",\"@id\":\"https:\\\/\\\/aggsa.cat\\\/en\\\/#organization\",\"name\":\"AGGSA\",\"url\":\"https:\\\/\\\/aggsa.cat\\\/en\\\/\",\"logo\":{\"@type\":\"ImageObject\",\"inLanguage\":\"en-US\",\"@id\":\"https:\\\/\\\/aggsa.cat\\\/en\\\/#\\\/schema\\\/logo\\\/image\\\/\",\"url\":\"https:\\\/\\\/www.aggsa.cat\\\/wp-content\\\/uploads\\\/2019\\\/07\\\/logo_aggsa.png\",\"contentUrl\":\"https:\\\/\\\/www.aggsa.cat\\\/wp-content\\\/uploads\\\/2019\\\/07\\\/logo_aggsa.png\",\"width\":2328,\"height\":624,\"caption\":\"AGGSA\"},\"image\":{\"@id\":\"https:\\\/\\\/aggsa.cat\\\/en\\\/#\\\/schema\\\/logo\\\/image\\\/\"},\"sameAs\":[\"https:\\\/\\\/www.facebook.com\\\/aggsa.cat\",\"https:\\\/\\\/www.instagram.com\\\/aggsa.cat\\\/\"]},{\"@type\":\"Person\",\"@id\":\"https:\\\/\\\/aggsa.cat\\\/en\\\/#\\\/schema\\\/person\\\/0b861f529c2e0fab24831925e6ff1d02\",\"name\":\"aggsa\",\"image\":{\"@type\":\"ImageObject\",\"inLanguage\":\"en-US\",\"@id\":\"https:\\\/\\\/secure.gravatar.com\\\/avatar\\\/620e9f8fea8bc60c7bf55809ca9b4aae09f97b5f2aebe82616f7df8af00a0169?s=96&d=mm&r=g\",\"url\":\"https:\\\/\\\/secure.gravatar.com\\\/avatar\\\/620e9f8fea8bc60c7bf55809ca9b4aae09f97b5f2aebe82616f7df8af00a0169?s=96&d=mm&r=g\",\"contentUrl\":\"https:\\\/\\\/secure.gravatar.com\\\/avatar\\\/620e9f8fea8bc60c7bf55809ca9b4aae09f97b5f2aebe82616f7df8af00a0169?s=96&d=mm&r=g\",\"caption\":\"aggsa\"}}]}<\/script>\n<!-- \/ Yoast SEO plugin. -->","yoast_head_json":{"title":"Rehabilitation in L'Estartit - Aggsa Rehabilitation","description":"Rehabilitation of buildings and facades in l'Estartit. An integral rehabilitation that keeps the building for many years.","robots":{"index":"index","follow":"follow","max-snippet":"max-snippet:-1","max-image-preview":"max-image-preview:large","max-video-preview":"max-video-preview:-1"},"canonical":"https:\/\/aggsa.cat\/en\/rehabilitation-in-lestartit\/","og_locale":"en_US","og_type":"article","og_title":"Rehabilitation in L'Estartit - Aggsa Rehabilitation","og_description":"Rehabilitation of buildings and facades in l'Estartit. An integral rehabilitation that keeps the building for many years.","og_url":"https:\/\/aggsa.cat\/en\/rehabilitation-in-lestartit\/","og_site_name":"Aggsa","article_publisher":"https:\/\/www.facebook.com\/aggsa.cat","article_published_time":"2020-04-21T18:58:26+00:00","og_image":[{"width":1600,"height":1200,"url":"https:\/\/aggsa.cat\/wp-content\/uploads\/2020\/02\/aggsa-rehabilitaci\u00f3-4.jpg","type":"image\/jpeg"}],"author":"aggsa","twitter_card":"summary_large_image","twitter_misc":{"Written by":"aggsa","Est. reading time":"1 minute"},"schema":{"@context":"https:\/\/schema.org","@graph":[{"@type":"Article","@id":"https:\/\/aggsa.cat\/en\/rehabilitation-in-lestartit\/#article","isPartOf":{"@id":"https:\/\/aggsa.cat\/en\/rehabilitation-in-lestartit\/"},"author":{"name":"aggsa","@id":"https:\/\/aggsa.cat\/en\/#\/schema\/person\/0b861f529c2e0fab24831925e6ff1d02"},"headline":"Rehabilitation in L&#8217;Estartit","datePublished":"2020-04-21T18:58:26+00:00","mainEntityOfPage":{"@id":"https:\/\/aggsa.cat\/en\/rehabilitation-in-lestartit\/"},"wordCount":120,"publisher":{"@id":"https:\/\/aggsa.cat\/en\/#organization"},"image":{"@id":"https:\/\/aggsa.cat\/en\/rehabilitation-in-lestartit\/#primaryimage"},"thumbnailUrl":"https:\/\/aggsa.cat\/wp-content\/uploads\/2020\/02\/aggsa-rehabilitaci\u00f3-4.jpg","articleSection":["Rehabilitation"],"inLanguage":"en-US"},{"@type":"WebPage","@id":"https:\/\/aggsa.cat\/en\/rehabilitation-in-lestartit\/","url":"https:\/\/aggsa.cat\/en\/rehabilitation-in-lestartit\/","name":"Rehabilitation in L'Estartit - Aggsa Rehabilitation","isPartOf":{"@id":"https:\/\/aggsa.cat\/en\/#website"},"primaryImageOfPage":{"@id":"https:\/\/aggsa.cat\/en\/rehabilitation-in-lestartit\/#primaryimage"},"image":{"@id":"https:\/\/aggsa.cat\/en\/rehabilitation-in-lestartit\/#primaryimage"},"thumbnailUrl":"https:\/\/aggsa.cat\/wp-content\/uploads\/2020\/02\/aggsa-rehabilitaci\u00f3-4.jpg","datePublished":"2020-04-21T18:58:26+00:00","description":"Rehabilitation of buildings and facades in l'Estartit. An integral rehabilitation that keeps the building for many years.","breadcrumb":{"@id":"https:\/\/aggsa.cat\/en\/rehabilitation-in-lestartit\/#breadcrumb"},"inLanguage":"en-US","potentialAction":[{"@type":"ReadAction","target":["https:\/\/aggsa.cat\/en\/rehabilitation-in-lestartit\/"]}]},{"@type":"ImageObject","inLanguage":"en-US","@id":"https:\/\/aggsa.cat\/en\/rehabilitation-in-lestartit\/#primaryimage","url":"https:\/\/aggsa.cat\/wp-content\/uploads\/2020\/02\/aggsa-rehabilitaci\u00f3-4.jpg","contentUrl":"https:\/\/aggsa.cat\/wp-content\/uploads\/2020\/02\/aggsa-rehabilitaci\u00f3-4.jpg","width":1600,"height":1200,"caption":"aggsa rehabilitaci\u00f3 de fa\u00e7anes"},{"@type":"BreadcrumbList","@id":"https:\/\/aggsa.cat\/en\/rehabilitation-in-lestartit\/#breadcrumb","itemListElement":[{"@type":"ListItem","position":1,"name":"Inici","item":"https:\/\/aggsa.cat\/en\/"},{"@type":"ListItem","position":2,"name":"Rehabilitation in L&#8217;Estartit"}]},{"@type":"WebSite","@id":"https:\/\/aggsa.cat\/en\/#website","url":"https:\/\/aggsa.cat\/en\/","name":"Aggsa","description":"Especialistes en la rehabilitaci\u00f3 i manteniment d&#039;edificis","publisher":{"@id":"https:\/\/aggsa.cat\/en\/#organization"},"potentialAction":[{"@type":"SearchAction","target":{"@type":"EntryPoint","urlTemplate":"https:\/\/aggsa.cat\/en\/?s={search_term_string}"},"query-input":{"@type":"PropertyValueSpecification","valueRequired":true,"valueName":"search_term_string"}}],"inLanguage":"en-US"},{"@type":"Organization","@id":"https:\/\/aggsa.cat\/en\/#organization","name":"AGGSA","url":"https:\/\/aggsa.cat\/en\/","logo":{"@type":"ImageObject","inLanguage":"en-US","@id":"https:\/\/aggsa.cat\/en\/#\/schema\/logo\/image\/","url":"https:\/\/www.aggsa.cat\/wp-content\/uploads\/2019\/07\/logo_aggsa.png","contentUrl":"https:\/\/www.aggsa.cat\/wp-content\/uploads\/2019\/07\/logo_aggsa.png","width":2328,"height":624,"caption":"AGGSA"},"image":{"@id":"https:\/\/aggsa.cat\/en\/#\/schema\/logo\/image\/"},"sameAs":["https:\/\/www.facebook.com\/aggsa.cat","https:\/\/www.instagram.com\/aggsa.cat\/"]},{"@type":"Person","@id":"https:\/\/aggsa.cat\/en\/#\/schema\/person\/0b861f529c2e0fab24831925e6ff1d02","name":"aggsa","image":{"@type":"ImageObject","inLanguage":"en-US","@id":"https:\/\/secure.gravatar.com\/avatar\/620e9f8fea8bc60c7bf55809ca9b4aae09f97b5f2aebe82616f7df8af00a0169?s=96&d=mm&r=g","url":"https:\/\/secure.gravatar.com\/avatar\/620e9f8fea8bc60c7bf55809ca9b4aae09f97b5f2aebe82616f7df8af00a0169?s=96&d=mm&r=g","contentUrl":"https:\/\/secure.gravatar.com\/avatar\/620e9f8fea8bc60c7bf55809ca9b4aae09f97b5f2aebe82616f7df8af00a0169?s=96&d=mm&r=g","caption":"aggsa"}}]}},"_links":{"self":[{"href":"https:\/\/aggsa.cat\/en\/wp-json\/wp\/v2\/posts\/3223","targetHints":{"allow":["GET"]}}],"collection":[{"href":"https:\/\/aggsa.cat\/en\/wp-json\/wp\/v2\/posts"}],"about":[{"href":"https:\/\/aggsa.cat\/en\/wp-json\/wp\/v2\/types\/post"}],"author":[{"embeddable":true,"href":"https:\/\/aggsa.cat\/en\/wp-json\/wp\/v2\/users\/1"}],"replies":[{"embeddable":true,"href":"https:\/\/aggsa.cat\/en\/wp-json\/wp\/v2\/comments?post=3223"}],"version-history":[{"count":0,"href":"https:\/\/aggsa.cat\/en\/wp-json\/wp\/v2\/posts\/3223\/revisions"}],"wp:featuredmedia":[{"embeddable":true,"href":"https:\/\/aggsa.cat\/en\/wp-json\/wp\/v2\/media\/2891"}],"wp:attachment":[{"href":"https:\/\/aggsa.cat\/en\/wp-json\/wp\/v2\/media?parent=3223"}],"wp:term":[{"taxonomy":"category","embeddable":true,"href":"https:\/\/aggsa.cat\/en\/wp-json\/wp\/v2\/categories?post=3223"},{"taxonomy":"post_tag","embeddable":true,"href":"https:\/\/aggsa.cat\/en\/wp-json\/wp\/v2\/tags?post=3223"}],"curies":[{"name":"wp","href":"https:\/\/api.w.org\/{rel}","templated":true}]}}