{"id":2189,"date":"2020-01-31T10:47:39","date_gmt":"2020-01-31T08:47:39","guid":{"rendered":"https:\/\/www.aggsa.cat\/aggsa2019\/2020\/01\/31\/rehabilitacion-de-edificios-en-playa-de-aro\/"},"modified":"2022-05-06T08:51:52","modified_gmt":"2022-05-06T06:51:52","slug":"rehabilitacion-de-edificios-en-playa-de-aro","status":"publish","type":"post","link":"https:\/\/aggsa.cat\/es\/rehabilitacion-de-edificios-en-playa-de-aro\/","title":{"rendered":"Rehabilitaci\u00f3n de edificios y fachadas en Playa de Aro"},"content":{"rendered":"<p style=\"text-align: justify;\"><a href=\"http:\/\/www.aggsa.cat\/serveis-2\/rehabilitacio-de-facanes-2\/\"><strong>AGGSA <\/strong><\/a>\u00a0(A\u00efllaments Generals Gironins) recientemente ha hecho la<strong>\u00a0rehabilitaci\u00f3n integral<\/strong>\u00a0de un edifici situado en la poblaci\u00f3n costera de Platja d\u2019Aro.<\/p>\n<p style=\"text-align: justify;\">Se ha intervenido en el\u00a0<strong>extracci\u00f3n del pavimento<\/strong>,\u00a0<strong>impermeabilizaci\u00f3n\u00a0<\/strong>de todas las terrazas y aplicaci\u00f3n de gres nuevo. Tambi\u00e9n se ha realizado la substituci\u00f3n de las barandillas de hierro por barandas de acero inoxidable con cristal glaseado y la colocaci\u00f3n de verjas de madera. Se han\u00a0<strong>reforzado los techos<\/strong>de los balcones para alargar la vida del edificio delante de las inclemencias y movimiento por asentamiento.<\/p>\n<p style=\"text-align: justify;\">Respecto a la\u00a0<strong>fachada<\/strong>, se ha hecho una limpieza total y se han llevado a cabo las tareas de\u00a0<strong>reparaci\u00f3n de fisuras existentes y la aplicaci\u00f3n de pintura<\/strong>\u00a0en todo el edificio. En esta tarea se ha contado con la ayuda de\u00a0<a href=\"https:\/\/www.skyfixers.com\/\"><strong>Skyfixers<\/strong>\u00a0<\/a>supervisando todos los trabajos verticales.<\/p>\n<p style=\"text-align: justify;\">Aqu\u00ed encontrar\u00e9is una selecci\u00f3n de im\u00e1genes para poder ver el resultado de los trabajos realizados.<\/p>\n<p><img loading=\"lazy\" decoding=\"async\" class=\"alignnone size-medium wp-image-542\" src=\"https:\/\/www.aggsa.cat\/wp-content\/uploads\/2019\/07\/100-300x195.jpg\" alt=\"\" width=\"300\" height=\"195\" srcset=\"https:\/\/aggsa.cat\/wp-content\/uploads\/2019\/07\/100-300x195.jpg 300w, https:\/\/aggsa.cat\/wp-content\/uploads\/2019\/07\/100-768x500.jpg 768w, https:\/\/aggsa.cat\/wp-content\/uploads\/2019\/07\/100.jpg 869w\" sizes=\"(max-width: 300px) 100vw, 300px\" \/> <img loading=\"lazy\" decoding=\"async\" class=\"alignnone size-medium wp-image-546\" src=\"https:\/\/www.aggsa.cat\/wp-content\/uploads\/2019\/07\/101-300x134.jpg\" alt=\"\" width=\"300\" height=\"134\" srcset=\"https:\/\/aggsa.cat\/wp-content\/uploads\/2019\/07\/101-300x134.jpg 300w, https:\/\/aggsa.cat\/wp-content\/uploads\/2019\/07\/101-768x342.jpg 768w, https:\/\/aggsa.cat\/wp-content\/uploads\/2019\/07\/101.jpg 1012w\" sizes=\"(max-width: 300px) 100vw, 300px\" \/> <img loading=\"lazy\" decoding=\"async\" class=\"alignnone size-medium wp-image-550\" src=\"https:\/\/www.aggsa.cat\/wp-content\/uploads\/2019\/07\/102-300x117.jpg\" alt=\"\" width=\"300\" height=\"117\" srcset=\"https:\/\/aggsa.cat\/wp-content\/uploads\/2019\/07\/102-300x117.jpg 300w, https:\/\/aggsa.cat\/wp-content\/uploads\/2019\/07\/102-768x299.jpg 768w, https:\/\/aggsa.cat\/wp-content\/uploads\/2019\/07\/102.jpg 1002w\" sizes=\"(max-width: 300px) 100vw, 300px\" \/> <img loading=\"lazy\" decoding=\"async\" class=\"alignnone size-medium wp-image-554\" src=\"https:\/\/www.aggsa.cat\/wp-content\/uploads\/2019\/07\/103-300x117.jpg\" alt=\"\" width=\"300\" height=\"117\" srcset=\"https:\/\/aggsa.cat\/wp-content\/uploads\/2019\/07\/103-300x117.jpg 300w, https:\/\/aggsa.cat\/wp-content\/uploads\/2019\/07\/103-768x301.jpg 768w, https:\/\/aggsa.cat\/wp-content\/uploads\/2019\/07\/103.jpg 1001w\" sizes=\"(max-width: 300px) 100vw, 300px\" \/><\/p>\n","protected":false},"excerpt":{"rendered":"<p>AGGSA \u00a0(A\u00efllaments Generals Gironins) recientemente ha hecho la\u00a0rehabilitaci\u00f3n integral\u00a0de un edifici situado en la poblaci\u00f3n costera de Platja d\u2019Aro. Se ha intervenido en el\u00a0extracci\u00f3n del pavimento,\u00a0impermeabilizaci\u00f3n\u00a0de todas las terrazas y aplicaci\u00f3n de gres nuevo. Tambi\u00e9n se ha realizado la substituci\u00f3n de las barandillas de hierro por barandas de acero inoxidable con cristal glaseado y la [&hellip;]<\/p>\n","protected":false},"author":1,"featured_media":537,"comment_status":"closed","ping_status":"open","sticky":false,"template":"","format":"standard","meta":{"_et_pb_use_builder":"on","_et_pb_old_content":"","_et_gb_content_width":"","_monsterinsights_skip_tracking":false,"_monsterinsights_sitenote_active":false,"_monsterinsights_sitenote_note":"","_monsterinsights_sitenote_category":0,"_joinchat":[],"footnotes":""},"categories":[40],"tags":[],"class_list":["post-2189","post","type-post","status-publish","format-standard","has-post-thumbnail","hentry","category-fachadas"],"yoast_head":"<!-- This site is optimized with the Yoast SEO plugin v27.4 - https:\/\/yoast.com\/product\/yoast-seo-wordpress\/ -->\n<title>Rehabilitaci\u00f3n de edificios y fachadas en Playa de Aro - Aggsa Rehabilitaci\u00f3n integral<\/title>\n<meta name=\"description\" content=\"Rehabilitaci\u00f3n de edificios y fachadas en Playa de Aro. Una rehabilitaci\u00f3n integral hace que el edificio se pueda mantener muchos a\u00f1os.\" \/>\n<meta name=\"robots\" content=\"index, follow, max-snippet:-1, max-image-preview:large, max-video-preview:-1\" \/>\n<link rel=\"canonical\" href=\"https:\/\/aggsa.cat\/es\/rehabilitacion-de-edificios-en-playa-de-aro\/\" \/>\n<meta property=\"og:locale\" content=\"es_ES\" \/>\n<meta property=\"og:type\" content=\"article\" \/>\n<meta property=\"og:title\" content=\"Rehabilitaci\u00f3n de edificios y fachadas en Playa de Aro - Aggsa Rehabilitaci\u00f3n integral\" \/>\n<meta property=\"og:description\" content=\"Rehabilitaci\u00f3n de edificios y fachadas en Playa de Aro. Una rehabilitaci\u00f3n integral hace que el edificio se pueda mantener muchos a\u00f1os.\" \/>\n<meta property=\"og:url\" content=\"https:\/\/aggsa.cat\/es\/rehabilitacion-de-edificios-en-playa-de-aro\/\" \/>\n<meta property=\"og:site_name\" content=\"Aggsa\" \/>\n<meta property=\"article:publisher\" content=\"https:\/\/www.facebook.com\/aggsa.cat\" \/>\n<meta property=\"article:published_time\" content=\"2020-01-31T08:47:39+00:00\" \/>\n<meta property=\"article:modified_time\" content=\"2022-05-06T06:51:52+00:00\" \/>\n<meta property=\"og:image\" content=\"https:\/\/aggsa.cat\/wp-content\/uploads\/2019\/07\/1042.jpg\" \/>\n\t<meta property=\"og:image:width\" content=\"927\" \/>\n\t<meta property=\"og:image:height\" content=\"503\" \/>\n\t<meta property=\"og:image:type\" content=\"image\/jpeg\" \/>\n<meta name=\"author\" content=\"aggsa\" \/>\n<meta name=\"twitter:card\" content=\"summary_large_image\" \/>\n<meta name=\"twitter:label1\" content=\"Escrito por\" \/>\n\t<meta name=\"twitter:data1\" content=\"aggsa\" \/>\n\t<meta name=\"twitter:label2\" content=\"Tiempo de lectura\" \/>\n\t<meta name=\"twitter:data2\" content=\"1 minuto\" \/>\n<script type=\"application\/ld+json\" class=\"yoast-schema-graph\">{\"@context\":\"https:\\\/\\\/schema.org\",\"@graph\":[{\"@type\":\"Article\",\"@id\":\"https:\\\/\\\/aggsa.cat\\\/es\\\/rehabilitacion-de-edificios-en-playa-de-aro\\\/#article\",\"isPartOf\":{\"@id\":\"https:\\\/\\\/aggsa.cat\\\/es\\\/rehabilitacion-de-edificios-en-playa-de-aro\\\/\"},\"author\":{\"name\":\"aggsa\",\"@id\":\"https:\\\/\\\/aggsa.cat\\\/es\\\/#\\\/schema\\\/person\\\/0b861f529c2e0fab24831925e6ff1d02\"},\"headline\":\"Rehabilitaci\u00f3n de edificios y fachadas en Playa de Aro\",\"datePublished\":\"2020-01-31T08:47:39+00:00\",\"dateModified\":\"2022-05-06T06:51:52+00:00\",\"mainEntityOfPage\":{\"@id\":\"https:\\\/\\\/aggsa.cat\\\/es\\\/rehabilitacion-de-edificios-en-playa-de-aro\\\/\"},\"wordCount\":174,\"publisher\":{\"@id\":\"https:\\\/\\\/aggsa.cat\\\/es\\\/#organization\"},\"image\":{\"@id\":\"https:\\\/\\\/aggsa.cat\\\/es\\\/rehabilitacion-de-edificios-en-playa-de-aro\\\/#primaryimage\"},\"thumbnailUrl\":\"https:\\\/\\\/aggsa.cat\\\/wp-content\\\/uploads\\\/2019\\\/07\\\/1042.jpg\",\"articleSection\":[\"Fachadas\"],\"inLanguage\":\"es\"},{\"@type\":\"WebPage\",\"@id\":\"https:\\\/\\\/aggsa.cat\\\/es\\\/rehabilitacion-de-edificios-en-playa-de-aro\\\/\",\"url\":\"https:\\\/\\\/aggsa.cat\\\/es\\\/rehabilitacion-de-edificios-en-playa-de-aro\\\/\",\"name\":\"Rehabilitaci\u00f3n de edificios y fachadas en Playa de Aro - Aggsa Rehabilitaci\u00f3n integral\",\"isPartOf\":{\"@id\":\"https:\\\/\\\/aggsa.cat\\\/es\\\/#website\"},\"primaryImageOfPage\":{\"@id\":\"https:\\\/\\\/aggsa.cat\\\/es\\\/rehabilitacion-de-edificios-en-playa-de-aro\\\/#primaryimage\"},\"image\":{\"@id\":\"https:\\\/\\\/aggsa.cat\\\/es\\\/rehabilitacion-de-edificios-en-playa-de-aro\\\/#primaryimage\"},\"thumbnailUrl\":\"https:\\\/\\\/aggsa.cat\\\/wp-content\\\/uploads\\\/2019\\\/07\\\/1042.jpg\",\"datePublished\":\"2020-01-31T08:47:39+00:00\",\"dateModified\":\"2022-05-06T06:51:52+00:00\",\"description\":\"Rehabilitaci\u00f3n de edificios y fachadas en Playa de Aro. Una rehabilitaci\u00f3n integral hace que el edificio se pueda mantener muchos a\u00f1os.\",\"breadcrumb\":{\"@id\":\"https:\\\/\\\/aggsa.cat\\\/es\\\/rehabilitacion-de-edificios-en-playa-de-aro\\\/#breadcrumb\"},\"inLanguage\":\"es\",\"potentialAction\":[{\"@type\":\"ReadAction\",\"target\":[\"https:\\\/\\\/aggsa.cat\\\/es\\\/rehabilitacion-de-edificios-en-playa-de-aro\\\/\"]}]},{\"@type\":\"ImageObject\",\"inLanguage\":\"es\",\"@id\":\"https:\\\/\\\/aggsa.cat\\\/es\\\/rehabilitacion-de-edificios-en-playa-de-aro\\\/#primaryimage\",\"url\":\"https:\\\/\\\/aggsa.cat\\\/wp-content\\\/uploads\\\/2019\\\/07\\\/1042.jpg\",\"contentUrl\":\"https:\\\/\\\/aggsa.cat\\\/wp-content\\\/uploads\\\/2019\\\/07\\\/1042.jpg\",\"width\":927,\"height\":503},{\"@type\":\"BreadcrumbList\",\"@id\":\"https:\\\/\\\/aggsa.cat\\\/es\\\/rehabilitacion-de-edificios-en-playa-de-aro\\\/#breadcrumb\",\"itemListElement\":[{\"@type\":\"ListItem\",\"position\":1,\"name\":\"Inici\",\"item\":\"https:\\\/\\\/aggsa.cat\\\/es\\\/\"},{\"@type\":\"ListItem\",\"position\":2,\"name\":\"Rehabilitaci\u00f3n de edificios y fachadas en Playa de Aro\"}]},{\"@type\":\"WebSite\",\"@id\":\"https:\\\/\\\/aggsa.cat\\\/es\\\/#website\",\"url\":\"https:\\\/\\\/aggsa.cat\\\/es\\\/\",\"name\":\"Aggsa\",\"description\":\"Especialistes en la rehabilitaci\u00f3 i manteniment d&#039;edificis\",\"publisher\":{\"@id\":\"https:\\\/\\\/aggsa.cat\\\/es\\\/#organization\"},\"potentialAction\":[{\"@type\":\"SearchAction\",\"target\":{\"@type\":\"EntryPoint\",\"urlTemplate\":\"https:\\\/\\\/aggsa.cat\\\/es\\\/?s={search_term_string}\"},\"query-input\":{\"@type\":\"PropertyValueSpecification\",\"valueRequired\":true,\"valueName\":\"search_term_string\"}}],\"inLanguage\":\"es\"},{\"@type\":\"Organization\",\"@id\":\"https:\\\/\\\/aggsa.cat\\\/es\\\/#organization\",\"name\":\"AGGSA\",\"url\":\"https:\\\/\\\/aggsa.cat\\\/es\\\/\",\"logo\":{\"@type\":\"ImageObject\",\"inLanguage\":\"es\",\"@id\":\"https:\\\/\\\/aggsa.cat\\\/es\\\/#\\\/schema\\\/logo\\\/image\\\/\",\"url\":\"https:\\\/\\\/www.aggsa.cat\\\/wp-content\\\/uploads\\\/2019\\\/07\\\/logo_aggsa.png\",\"contentUrl\":\"https:\\\/\\\/www.aggsa.cat\\\/wp-content\\\/uploads\\\/2019\\\/07\\\/logo_aggsa.png\",\"width\":2328,\"height\":624,\"caption\":\"AGGSA\"},\"image\":{\"@id\":\"https:\\\/\\\/aggsa.cat\\\/es\\\/#\\\/schema\\\/logo\\\/image\\\/\"},\"sameAs\":[\"https:\\\/\\\/www.facebook.com\\\/aggsa.cat\",\"https:\\\/\\\/www.instagram.com\\\/aggsa.cat\\\/\"]},{\"@type\":\"Person\",\"@id\":\"https:\\\/\\\/aggsa.cat\\\/es\\\/#\\\/schema\\\/person\\\/0b861f529c2e0fab24831925e6ff1d02\",\"name\":\"aggsa\",\"image\":{\"@type\":\"ImageObject\",\"inLanguage\":\"es\",\"@id\":\"https:\\\/\\\/secure.gravatar.com\\\/avatar\\\/620e9f8fea8bc60c7bf55809ca9b4aae09f97b5f2aebe82616f7df8af00a0169?s=96&d=mm&r=g\",\"url\":\"https:\\\/\\\/secure.gravatar.com\\\/avatar\\\/620e9f8fea8bc60c7bf55809ca9b4aae09f97b5f2aebe82616f7df8af00a0169?s=96&d=mm&r=g\",\"contentUrl\":\"https:\\\/\\\/secure.gravatar.com\\\/avatar\\\/620e9f8fea8bc60c7bf55809ca9b4aae09f97b5f2aebe82616f7df8af00a0169?s=96&d=mm&r=g\",\"caption\":\"aggsa\"}}]}<\/script>\n<!-- \/ Yoast SEO plugin. -->","yoast_head_json":{"title":"Rehabilitaci\u00f3n de edificios y fachadas en Playa de Aro - Aggsa Rehabilitaci\u00f3n integral","description":"Rehabilitaci\u00f3n de edificios y fachadas en Playa de Aro. Una rehabilitaci\u00f3n integral hace que el edificio se pueda mantener muchos a\u00f1os.","robots":{"index":"index","follow":"follow","max-snippet":"max-snippet:-1","max-image-preview":"max-image-preview:large","max-video-preview":"max-video-preview:-1"},"canonical":"https:\/\/aggsa.cat\/es\/rehabilitacion-de-edificios-en-playa-de-aro\/","og_locale":"es_ES","og_type":"article","og_title":"Rehabilitaci\u00f3n de edificios y fachadas en Playa de Aro - Aggsa Rehabilitaci\u00f3n integral","og_description":"Rehabilitaci\u00f3n de edificios y fachadas en Playa de Aro. Una rehabilitaci\u00f3n integral hace que el edificio se pueda mantener muchos a\u00f1os.","og_url":"https:\/\/aggsa.cat\/es\/rehabilitacion-de-edificios-en-playa-de-aro\/","og_site_name":"Aggsa","article_publisher":"https:\/\/www.facebook.com\/aggsa.cat","article_published_time":"2020-01-31T08:47:39+00:00","article_modified_time":"2022-05-06T06:51:52+00:00","og_image":[{"width":927,"height":503,"url":"https:\/\/aggsa.cat\/wp-content\/uploads\/2019\/07\/1042.jpg","type":"image\/jpeg"}],"author":"aggsa","twitter_card":"summary_large_image","twitter_misc":{"Escrito por":"aggsa","Tiempo de lectura":"1 minuto"},"schema":{"@context":"https:\/\/schema.org","@graph":[{"@type":"Article","@id":"https:\/\/aggsa.cat\/es\/rehabilitacion-de-edificios-en-playa-de-aro\/#article","isPartOf":{"@id":"https:\/\/aggsa.cat\/es\/rehabilitacion-de-edificios-en-playa-de-aro\/"},"author":{"name":"aggsa","@id":"https:\/\/aggsa.cat\/es\/#\/schema\/person\/0b861f529c2e0fab24831925e6ff1d02"},"headline":"Rehabilitaci\u00f3n de edificios y fachadas en Playa de Aro","datePublished":"2020-01-31T08:47:39+00:00","dateModified":"2022-05-06T06:51:52+00:00","mainEntityOfPage":{"@id":"https:\/\/aggsa.cat\/es\/rehabilitacion-de-edificios-en-playa-de-aro\/"},"wordCount":174,"publisher":{"@id":"https:\/\/aggsa.cat\/es\/#organization"},"image":{"@id":"https:\/\/aggsa.cat\/es\/rehabilitacion-de-edificios-en-playa-de-aro\/#primaryimage"},"thumbnailUrl":"https:\/\/aggsa.cat\/wp-content\/uploads\/2019\/07\/1042.jpg","articleSection":["Fachadas"],"inLanguage":"es"},{"@type":"WebPage","@id":"https:\/\/aggsa.cat\/es\/rehabilitacion-de-edificios-en-playa-de-aro\/","url":"https:\/\/aggsa.cat\/es\/rehabilitacion-de-edificios-en-playa-de-aro\/","name":"Rehabilitaci\u00f3n de edificios y fachadas en Playa de Aro - Aggsa Rehabilitaci\u00f3n integral","isPartOf":{"@id":"https:\/\/aggsa.cat\/es\/#website"},"primaryImageOfPage":{"@id":"https:\/\/aggsa.cat\/es\/rehabilitacion-de-edificios-en-playa-de-aro\/#primaryimage"},"image":{"@id":"https:\/\/aggsa.cat\/es\/rehabilitacion-de-edificios-en-playa-de-aro\/#primaryimage"},"thumbnailUrl":"https:\/\/aggsa.cat\/wp-content\/uploads\/2019\/07\/1042.jpg","datePublished":"2020-01-31T08:47:39+00:00","dateModified":"2022-05-06T06:51:52+00:00","description":"Rehabilitaci\u00f3n de edificios y fachadas en Playa de Aro. Una rehabilitaci\u00f3n integral hace que el edificio se pueda mantener muchos a\u00f1os.","breadcrumb":{"@id":"https:\/\/aggsa.cat\/es\/rehabilitacion-de-edificios-en-playa-de-aro\/#breadcrumb"},"inLanguage":"es","potentialAction":[{"@type":"ReadAction","target":["https:\/\/aggsa.cat\/es\/rehabilitacion-de-edificios-en-playa-de-aro\/"]}]},{"@type":"ImageObject","inLanguage":"es","@id":"https:\/\/aggsa.cat\/es\/rehabilitacion-de-edificios-en-playa-de-aro\/#primaryimage","url":"https:\/\/aggsa.cat\/wp-content\/uploads\/2019\/07\/1042.jpg","contentUrl":"https:\/\/aggsa.cat\/wp-content\/uploads\/2019\/07\/1042.jpg","width":927,"height":503},{"@type":"BreadcrumbList","@id":"https:\/\/aggsa.cat\/es\/rehabilitacion-de-edificios-en-playa-de-aro\/#breadcrumb","itemListElement":[{"@type":"ListItem","position":1,"name":"Inici","item":"https:\/\/aggsa.cat\/es\/"},{"@type":"ListItem","position":2,"name":"Rehabilitaci\u00f3n de edificios y fachadas en Playa de Aro"}]},{"@type":"WebSite","@id":"https:\/\/aggsa.cat\/es\/#website","url":"https:\/\/aggsa.cat\/es\/","name":"Aggsa","description":"Especialistes en la rehabilitaci\u00f3 i manteniment d&#039;edificis","publisher":{"@id":"https:\/\/aggsa.cat\/es\/#organization"},"potentialAction":[{"@type":"SearchAction","target":{"@type":"EntryPoint","urlTemplate":"https:\/\/aggsa.cat\/es\/?s={search_term_string}"},"query-input":{"@type":"PropertyValueSpecification","valueRequired":true,"valueName":"search_term_string"}}],"inLanguage":"es"},{"@type":"Organization","@id":"https:\/\/aggsa.cat\/es\/#organization","name":"AGGSA","url":"https:\/\/aggsa.cat\/es\/","logo":{"@type":"ImageObject","inLanguage":"es","@id":"https:\/\/aggsa.cat\/es\/#\/schema\/logo\/image\/","url":"https:\/\/www.aggsa.cat\/wp-content\/uploads\/2019\/07\/logo_aggsa.png","contentUrl":"https:\/\/www.aggsa.cat\/wp-content\/uploads\/2019\/07\/logo_aggsa.png","width":2328,"height":624,"caption":"AGGSA"},"image":{"@id":"https:\/\/aggsa.cat\/es\/#\/schema\/logo\/image\/"},"sameAs":["https:\/\/www.facebook.com\/aggsa.cat","https:\/\/www.instagram.com\/aggsa.cat\/"]},{"@type":"Person","@id":"https:\/\/aggsa.cat\/es\/#\/schema\/person\/0b861f529c2e0fab24831925e6ff1d02","name":"aggsa","image":{"@type":"ImageObject","inLanguage":"es","@id":"https:\/\/secure.gravatar.com\/avatar\/620e9f8fea8bc60c7bf55809ca9b4aae09f97b5f2aebe82616f7df8af00a0169?s=96&d=mm&r=g","url":"https:\/\/secure.gravatar.com\/avatar\/620e9f8fea8bc60c7bf55809ca9b4aae09f97b5f2aebe82616f7df8af00a0169?s=96&d=mm&r=g","contentUrl":"https:\/\/secure.gravatar.com\/avatar\/620e9f8fea8bc60c7bf55809ca9b4aae09f97b5f2aebe82616f7df8af00a0169?s=96&d=mm&r=g","caption":"aggsa"}}]}},"_links":{"self":[{"href":"https:\/\/aggsa.cat\/es\/wp-json\/wp\/v2\/posts\/2189","targetHints":{"allow":["GET"]}}],"collection":[{"href":"https:\/\/aggsa.cat\/es\/wp-json\/wp\/v2\/posts"}],"about":[{"href":"https:\/\/aggsa.cat\/es\/wp-json\/wp\/v2\/types\/post"}],"author":[{"embeddable":true,"href":"https:\/\/aggsa.cat\/es\/wp-json\/wp\/v2\/users\/1"}],"replies":[{"embeddable":true,"href":"https:\/\/aggsa.cat\/es\/wp-json\/wp\/v2\/comments?post=2189"}],"version-history":[{"count":4,"href":"https:\/\/aggsa.cat\/es\/wp-json\/wp\/v2\/posts\/2189\/revisions"}],"predecessor-version":[{"id":3604,"href":"https:\/\/aggsa.cat\/es\/wp-json\/wp\/v2\/posts\/2189\/revisions\/3604"}],"wp:featuredmedia":[{"embeddable":true,"href":"https:\/\/aggsa.cat\/es\/wp-json\/wp\/v2\/media\/537"}],"wp:attachment":[{"href":"https:\/\/aggsa.cat\/es\/wp-json\/wp\/v2\/media?parent=2189"}],"wp:term":[{"taxonomy":"category","embeddable":true,"href":"https:\/\/aggsa.cat\/es\/wp-json\/wp\/v2\/categories?post=2189"},{"taxonomy":"post_tag","embeddable":true,"href":"https:\/\/aggsa.cat\/es\/wp-json\/wp\/v2\/tags?post=2189"}],"curies":[{"name":"wp","href":"https:\/\/api.w.org\/{rel}","templated":true}]}}