{"id":2191,"date":"2020-01-31T10:49:35","date_gmt":"2020-01-31T08:49:35","guid":{"rendered":"https:\/\/www.aggsa.cat\/aggsa2019\/2020\/01\/31\/rehabilitacion-del-hotel-aromar-finalizada\/"},"modified":"2020-02-26T10:48:14","modified_gmt":"2020-02-26T08:48:14","slug":"rehabilitacion-del-hotel-aromar-finalizada","status":"publish","type":"post","link":"https:\/\/aggsa.cat\/es\/rehabilitacion-del-hotel-aromar-finalizada\/","title":{"rendered":"Rehabilitaci\u00f3n del Hotel Aromar"},"content":{"rendered":"\r\n<p style=\"text-align: justify;\">El pasado 1 de Junio se inaugur\u00f3 el<strong><span style=\"color: #3366ff;\"> Hotel Aromar<\/span><\/strong> de Playa de Aro. Situado en el Paseo Mar\u00edtimo de la Playa Grande se trata de uno de los edificios emblem\u00e1ticos de la zona ya que fue construido hace m\u00e1s de 50 a\u00f1os.<\/p>\r\n<p style=\"text-align: justify;\">Durante los \u00faltimos meses<span style=\"color: #3366ff;\"> <strong>AGGSA <\/strong><\/span>ha participado en los trabajos de rehabilitaci\u00f3n del Hotel.<\/p>\r\n<p style=\"text-align: justify;\"><strong><span style=\"color: #3366ff;\">AGGSA<\/span><\/strong> ha realizado tareas de rehabilitaci\u00f3n de la fachada, los balcones, los techos y de la escalera de emergencia; estas han sido nuestras principales tareas. Para llevar a cabo estos trabajos y debido a las caracter\u00edsticas de la obra, ha sido necesario la implantaci\u00f3n de los sistemas de seguridad adecuados para los trabajos en altura y en algunos casos tambi\u00e9n trabajos verticales de la mano de <span style=\"color: #3366ff;\"><strong>Skyfixers<\/strong><\/span> que pertenece a<span style=\"color: #3366ff;\"><strong> AGGSA.<\/strong><\/span><\/p>\r\n<p style=\"text-align: justify;\">\u00a0<\/p>\r\n<!-- \/wp:post-content -->","protected":false},"excerpt":{"rendered":"<p>El pasado 1 de Junio se inaugur\u00f3 el Hotel Aromar de Playa de Aro. Situado en el Paseo Mar\u00edtimo de la Playa Grande se trata de uno de los edificios emblem\u00e1ticos de la zona ya que fue construido hace m\u00e1s de 50 a\u00f1os. Durante los \u00faltimos meses AGGSA ha participado en los trabajos de rehabilitaci\u00f3n [&hellip;]<\/p>\n","protected":false},"author":1,"featured_media":506,"comment_status":"closed","ping_status":"open","sticky":false,"template":"","format":"standard","meta":{"_et_pb_use_builder":"","_et_pb_old_content":"","_et_gb_content_width":"","_monsterinsights_skip_tracking":false,"_monsterinsights_sitenote_active":false,"_monsterinsights_sitenote_note":"","_monsterinsights_sitenote_category":0,"_joinchat":[],"footnotes":""},"categories":[40],"tags":[],"class_list":["post-2191","post","type-post","status-publish","format-standard","has-post-thumbnail","hentry","category-fachadas"],"yoast_head":"<!-- This site is optimized with the Yoast SEO plugin v27.4 - https:\/\/yoast.com\/product\/yoast-seo-wordpress\/ -->\n<title>Rehabilitaci\u00f3n del Hotel Aromar - Aggsa<\/title>\n<meta name=\"robots\" content=\"index, follow, max-snippet:-1, max-image-preview:large, max-video-preview:-1\" \/>\n<link rel=\"canonical\" href=\"https:\/\/aggsa.cat\/es\/rehabilitacion-del-hotel-aromar-finalizada\/\" \/>\n<meta property=\"og:locale\" content=\"es_ES\" \/>\n<meta property=\"og:type\" content=\"article\" \/>\n<meta property=\"og:title\" content=\"Rehabilitaci\u00f3n del Hotel Aromar - Aggsa\" \/>\n<meta property=\"og:description\" content=\"El pasado 1 de Junio se inaugur\u00f3 el Hotel Aromar de Playa de Aro. Situado en el Paseo Mar\u00edtimo de la Playa Grande se trata de uno de los edificios emblem\u00e1ticos de la zona ya que fue construido hace m\u00e1s de 50 a\u00f1os. Durante los \u00faltimos meses AGGSA ha participado en los trabajos de rehabilitaci\u00f3n [&hellip;]\" \/>\n<meta property=\"og:url\" content=\"https:\/\/aggsa.cat\/es\/rehabilitacion-del-hotel-aromar-finalizada\/\" \/>\n<meta property=\"og:site_name\" content=\"Aggsa\" \/>\n<meta property=\"article:publisher\" content=\"https:\/\/www.facebook.com\/aggsa.cat\" \/>\n<meta property=\"article:published_time\" content=\"2020-01-31T08:49:35+00:00\" \/>\n<meta property=\"article:modified_time\" content=\"2020-02-26T08:48:14+00:00\" \/>\n<meta property=\"og:image\" content=\"https:\/\/aggsa.cat\/wp-content\/uploads\/2019\/07\/aromar.jpg\" \/>\n\t<meta property=\"og:image:width\" content=\"1080\" \/>\n\t<meta property=\"og:image:height\" content=\"675\" \/>\n\t<meta property=\"og:image:type\" content=\"image\/jpeg\" \/>\n<meta name=\"author\" content=\"aggsa\" \/>\n<meta name=\"twitter:card\" content=\"summary_large_image\" \/>\n<meta name=\"twitter:label1\" content=\"Escrito por\" \/>\n\t<meta name=\"twitter:data1\" content=\"aggsa\" \/>\n\t<meta name=\"twitter:label2\" content=\"Tiempo de lectura\" \/>\n\t<meta name=\"twitter:data2\" content=\"1 minuto\" \/>\n<script type=\"application\/ld+json\" class=\"yoast-schema-graph\">{\"@context\":\"https:\\\/\\\/schema.org\",\"@graph\":[{\"@type\":\"Article\",\"@id\":\"https:\\\/\\\/aggsa.cat\\\/es\\\/rehabilitacion-del-hotel-aromar-finalizada\\\/#article\",\"isPartOf\":{\"@id\":\"https:\\\/\\\/aggsa.cat\\\/es\\\/rehabilitacion-del-hotel-aromar-finalizada\\\/\"},\"author\":{\"name\":\"aggsa\",\"@id\":\"https:\\\/\\\/aggsa.cat\\\/es\\\/#\\\/schema\\\/person\\\/0b861f529c2e0fab24831925e6ff1d02\"},\"headline\":\"Rehabilitaci\u00f3n del Hotel Aromar\",\"datePublished\":\"2020-01-31T08:49:35+00:00\",\"dateModified\":\"2020-02-26T08:48:14+00:00\",\"mainEntityOfPage\":{\"@id\":\"https:\\\/\\\/aggsa.cat\\\/es\\\/rehabilitacion-del-hotel-aromar-finalizada\\\/\"},\"wordCount\":140,\"publisher\":{\"@id\":\"https:\\\/\\\/aggsa.cat\\\/es\\\/#organization\"},\"image\":{\"@id\":\"https:\\\/\\\/aggsa.cat\\\/es\\\/rehabilitacion-del-hotel-aromar-finalizada\\\/#primaryimage\"},\"thumbnailUrl\":\"https:\\\/\\\/aggsa.cat\\\/wp-content\\\/uploads\\\/2019\\\/07\\\/aromar.jpg\",\"articleSection\":[\"Fachadas\"],\"inLanguage\":\"es\"},{\"@type\":\"WebPage\",\"@id\":\"https:\\\/\\\/aggsa.cat\\\/es\\\/rehabilitacion-del-hotel-aromar-finalizada\\\/\",\"url\":\"https:\\\/\\\/aggsa.cat\\\/es\\\/rehabilitacion-del-hotel-aromar-finalizada\\\/\",\"name\":\"Rehabilitaci\u00f3n del Hotel Aromar - Aggsa\",\"isPartOf\":{\"@id\":\"https:\\\/\\\/aggsa.cat\\\/es\\\/#website\"},\"primaryImageOfPage\":{\"@id\":\"https:\\\/\\\/aggsa.cat\\\/es\\\/rehabilitacion-del-hotel-aromar-finalizada\\\/#primaryimage\"},\"image\":{\"@id\":\"https:\\\/\\\/aggsa.cat\\\/es\\\/rehabilitacion-del-hotel-aromar-finalizada\\\/#primaryimage\"},\"thumbnailUrl\":\"https:\\\/\\\/aggsa.cat\\\/wp-content\\\/uploads\\\/2019\\\/07\\\/aromar.jpg\",\"datePublished\":\"2020-01-31T08:49:35+00:00\",\"dateModified\":\"2020-02-26T08:48:14+00:00\",\"breadcrumb\":{\"@id\":\"https:\\\/\\\/aggsa.cat\\\/es\\\/rehabilitacion-del-hotel-aromar-finalizada\\\/#breadcrumb\"},\"inLanguage\":\"es\",\"potentialAction\":[{\"@type\":\"ReadAction\",\"target\":[\"https:\\\/\\\/aggsa.cat\\\/es\\\/rehabilitacion-del-hotel-aromar-finalizada\\\/\"]}]},{\"@type\":\"ImageObject\",\"inLanguage\":\"es\",\"@id\":\"https:\\\/\\\/aggsa.cat\\\/es\\\/rehabilitacion-del-hotel-aromar-finalizada\\\/#primaryimage\",\"url\":\"https:\\\/\\\/aggsa.cat\\\/wp-content\\\/uploads\\\/2019\\\/07\\\/aromar.jpg\",\"contentUrl\":\"https:\\\/\\\/aggsa.cat\\\/wp-content\\\/uploads\\\/2019\\\/07\\\/aromar.jpg\",\"width\":1080,\"height\":675},{\"@type\":\"BreadcrumbList\",\"@id\":\"https:\\\/\\\/aggsa.cat\\\/es\\\/rehabilitacion-del-hotel-aromar-finalizada\\\/#breadcrumb\",\"itemListElement\":[{\"@type\":\"ListItem\",\"position\":1,\"name\":\"Inici\",\"item\":\"https:\\\/\\\/aggsa.cat\\\/es\\\/\"},{\"@type\":\"ListItem\",\"position\":2,\"name\":\"Rehabilitaci\u00f3n del Hotel Aromar\"}]},{\"@type\":\"WebSite\",\"@id\":\"https:\\\/\\\/aggsa.cat\\\/es\\\/#website\",\"url\":\"https:\\\/\\\/aggsa.cat\\\/es\\\/\",\"name\":\"Aggsa\",\"description\":\"Especialistes en la rehabilitaci\u00f3 i manteniment d&#039;edificis\",\"publisher\":{\"@id\":\"https:\\\/\\\/aggsa.cat\\\/es\\\/#organization\"},\"potentialAction\":[{\"@type\":\"SearchAction\",\"target\":{\"@type\":\"EntryPoint\",\"urlTemplate\":\"https:\\\/\\\/aggsa.cat\\\/es\\\/?s={search_term_string}\"},\"query-input\":{\"@type\":\"PropertyValueSpecification\",\"valueRequired\":true,\"valueName\":\"search_term_string\"}}],\"inLanguage\":\"es\"},{\"@type\":\"Organization\",\"@id\":\"https:\\\/\\\/aggsa.cat\\\/es\\\/#organization\",\"name\":\"AGGSA\",\"url\":\"https:\\\/\\\/aggsa.cat\\\/es\\\/\",\"logo\":{\"@type\":\"ImageObject\",\"inLanguage\":\"es\",\"@id\":\"https:\\\/\\\/aggsa.cat\\\/es\\\/#\\\/schema\\\/logo\\\/image\\\/\",\"url\":\"https:\\\/\\\/www.aggsa.cat\\\/wp-content\\\/uploads\\\/2019\\\/07\\\/logo_aggsa.png\",\"contentUrl\":\"https:\\\/\\\/www.aggsa.cat\\\/wp-content\\\/uploads\\\/2019\\\/07\\\/logo_aggsa.png\",\"width\":2328,\"height\":624,\"caption\":\"AGGSA\"},\"image\":{\"@id\":\"https:\\\/\\\/aggsa.cat\\\/es\\\/#\\\/schema\\\/logo\\\/image\\\/\"},\"sameAs\":[\"https:\\\/\\\/www.facebook.com\\\/aggsa.cat\",\"https:\\\/\\\/www.instagram.com\\\/aggsa.cat\\\/\"]},{\"@type\":\"Person\",\"@id\":\"https:\\\/\\\/aggsa.cat\\\/es\\\/#\\\/schema\\\/person\\\/0b861f529c2e0fab24831925e6ff1d02\",\"name\":\"aggsa\",\"image\":{\"@type\":\"ImageObject\",\"inLanguage\":\"es\",\"@id\":\"https:\\\/\\\/secure.gravatar.com\\\/avatar\\\/620e9f8fea8bc60c7bf55809ca9b4aae09f97b5f2aebe82616f7df8af00a0169?s=96&d=mm&r=g\",\"url\":\"https:\\\/\\\/secure.gravatar.com\\\/avatar\\\/620e9f8fea8bc60c7bf55809ca9b4aae09f97b5f2aebe82616f7df8af00a0169?s=96&d=mm&r=g\",\"contentUrl\":\"https:\\\/\\\/secure.gravatar.com\\\/avatar\\\/620e9f8fea8bc60c7bf55809ca9b4aae09f97b5f2aebe82616f7df8af00a0169?s=96&d=mm&r=g\",\"caption\":\"aggsa\"}}]}<\/script>\n<!-- \/ Yoast SEO plugin. -->","yoast_head_json":{"title":"Rehabilitaci\u00f3n del Hotel Aromar - Aggsa","robots":{"index":"index","follow":"follow","max-snippet":"max-snippet:-1","max-image-preview":"max-image-preview:large","max-video-preview":"max-video-preview:-1"},"canonical":"https:\/\/aggsa.cat\/es\/rehabilitacion-del-hotel-aromar-finalizada\/","og_locale":"es_ES","og_type":"article","og_title":"Rehabilitaci\u00f3n del Hotel Aromar - Aggsa","og_description":"El pasado 1 de Junio se inaugur\u00f3 el Hotel Aromar de Playa de Aro. Situado en el Paseo Mar\u00edtimo de la Playa Grande se trata de uno de los edificios emblem\u00e1ticos de la zona ya que fue construido hace m\u00e1s de 50 a\u00f1os. Durante los \u00faltimos meses AGGSA ha participado en los trabajos de rehabilitaci\u00f3n [&hellip;]","og_url":"https:\/\/aggsa.cat\/es\/rehabilitacion-del-hotel-aromar-finalizada\/","og_site_name":"Aggsa","article_publisher":"https:\/\/www.facebook.com\/aggsa.cat","article_published_time":"2020-01-31T08:49:35+00:00","article_modified_time":"2020-02-26T08:48:14+00:00","og_image":[{"width":1080,"height":675,"url":"https:\/\/aggsa.cat\/wp-content\/uploads\/2019\/07\/aromar.jpg","type":"image\/jpeg"}],"author":"aggsa","twitter_card":"summary_large_image","twitter_misc":{"Escrito por":"aggsa","Tiempo de lectura":"1 minuto"},"schema":{"@context":"https:\/\/schema.org","@graph":[{"@type":"Article","@id":"https:\/\/aggsa.cat\/es\/rehabilitacion-del-hotel-aromar-finalizada\/#article","isPartOf":{"@id":"https:\/\/aggsa.cat\/es\/rehabilitacion-del-hotel-aromar-finalizada\/"},"author":{"name":"aggsa","@id":"https:\/\/aggsa.cat\/es\/#\/schema\/person\/0b861f529c2e0fab24831925e6ff1d02"},"headline":"Rehabilitaci\u00f3n del Hotel Aromar","datePublished":"2020-01-31T08:49:35+00:00","dateModified":"2020-02-26T08:48:14+00:00","mainEntityOfPage":{"@id":"https:\/\/aggsa.cat\/es\/rehabilitacion-del-hotel-aromar-finalizada\/"},"wordCount":140,"publisher":{"@id":"https:\/\/aggsa.cat\/es\/#organization"},"image":{"@id":"https:\/\/aggsa.cat\/es\/rehabilitacion-del-hotel-aromar-finalizada\/#primaryimage"},"thumbnailUrl":"https:\/\/aggsa.cat\/wp-content\/uploads\/2019\/07\/aromar.jpg","articleSection":["Fachadas"],"inLanguage":"es"},{"@type":"WebPage","@id":"https:\/\/aggsa.cat\/es\/rehabilitacion-del-hotel-aromar-finalizada\/","url":"https:\/\/aggsa.cat\/es\/rehabilitacion-del-hotel-aromar-finalizada\/","name":"Rehabilitaci\u00f3n del Hotel Aromar - Aggsa","isPartOf":{"@id":"https:\/\/aggsa.cat\/es\/#website"},"primaryImageOfPage":{"@id":"https:\/\/aggsa.cat\/es\/rehabilitacion-del-hotel-aromar-finalizada\/#primaryimage"},"image":{"@id":"https:\/\/aggsa.cat\/es\/rehabilitacion-del-hotel-aromar-finalizada\/#primaryimage"},"thumbnailUrl":"https:\/\/aggsa.cat\/wp-content\/uploads\/2019\/07\/aromar.jpg","datePublished":"2020-01-31T08:49:35+00:00","dateModified":"2020-02-26T08:48:14+00:00","breadcrumb":{"@id":"https:\/\/aggsa.cat\/es\/rehabilitacion-del-hotel-aromar-finalizada\/#breadcrumb"},"inLanguage":"es","potentialAction":[{"@type":"ReadAction","target":["https:\/\/aggsa.cat\/es\/rehabilitacion-del-hotel-aromar-finalizada\/"]}]},{"@type":"ImageObject","inLanguage":"es","@id":"https:\/\/aggsa.cat\/es\/rehabilitacion-del-hotel-aromar-finalizada\/#primaryimage","url":"https:\/\/aggsa.cat\/wp-content\/uploads\/2019\/07\/aromar.jpg","contentUrl":"https:\/\/aggsa.cat\/wp-content\/uploads\/2019\/07\/aromar.jpg","width":1080,"height":675},{"@type":"BreadcrumbList","@id":"https:\/\/aggsa.cat\/es\/rehabilitacion-del-hotel-aromar-finalizada\/#breadcrumb","itemListElement":[{"@type":"ListItem","position":1,"name":"Inici","item":"https:\/\/aggsa.cat\/es\/"},{"@type":"ListItem","position":2,"name":"Rehabilitaci\u00f3n del Hotel Aromar"}]},{"@type":"WebSite","@id":"https:\/\/aggsa.cat\/es\/#website","url":"https:\/\/aggsa.cat\/es\/","name":"Aggsa","description":"Especialistes en la rehabilitaci\u00f3 i manteniment d&#039;edificis","publisher":{"@id":"https:\/\/aggsa.cat\/es\/#organization"},"potentialAction":[{"@type":"SearchAction","target":{"@type":"EntryPoint","urlTemplate":"https:\/\/aggsa.cat\/es\/?s={search_term_string}"},"query-input":{"@type":"PropertyValueSpecification","valueRequired":true,"valueName":"search_term_string"}}],"inLanguage":"es"},{"@type":"Organization","@id":"https:\/\/aggsa.cat\/es\/#organization","name":"AGGSA","url":"https:\/\/aggsa.cat\/es\/","logo":{"@type":"ImageObject","inLanguage":"es","@id":"https:\/\/aggsa.cat\/es\/#\/schema\/logo\/image\/","url":"https:\/\/www.aggsa.cat\/wp-content\/uploads\/2019\/07\/logo_aggsa.png","contentUrl":"https:\/\/www.aggsa.cat\/wp-content\/uploads\/2019\/07\/logo_aggsa.png","width":2328,"height":624,"caption":"AGGSA"},"image":{"@id":"https:\/\/aggsa.cat\/es\/#\/schema\/logo\/image\/"},"sameAs":["https:\/\/www.facebook.com\/aggsa.cat","https:\/\/www.instagram.com\/aggsa.cat\/"]},{"@type":"Person","@id":"https:\/\/aggsa.cat\/es\/#\/schema\/person\/0b861f529c2e0fab24831925e6ff1d02","name":"aggsa","image":{"@type":"ImageObject","inLanguage":"es","@id":"https:\/\/secure.gravatar.com\/avatar\/620e9f8fea8bc60c7bf55809ca9b4aae09f97b5f2aebe82616f7df8af00a0169?s=96&d=mm&r=g","url":"https:\/\/secure.gravatar.com\/avatar\/620e9f8fea8bc60c7bf55809ca9b4aae09f97b5f2aebe82616f7df8af00a0169?s=96&d=mm&r=g","contentUrl":"https:\/\/secure.gravatar.com\/avatar\/620e9f8fea8bc60c7bf55809ca9b4aae09f97b5f2aebe82616f7df8af00a0169?s=96&d=mm&r=g","caption":"aggsa"}}]}},"_links":{"self":[{"href":"https:\/\/aggsa.cat\/es\/wp-json\/wp\/v2\/posts\/2191","targetHints":{"allow":["GET"]}}],"collection":[{"href":"https:\/\/aggsa.cat\/es\/wp-json\/wp\/v2\/posts"}],"about":[{"href":"https:\/\/aggsa.cat\/es\/wp-json\/wp\/v2\/types\/post"}],"author":[{"embeddable":true,"href":"https:\/\/aggsa.cat\/es\/wp-json\/wp\/v2\/users\/1"}],"replies":[{"embeddable":true,"href":"https:\/\/aggsa.cat\/es\/wp-json\/wp\/v2\/comments?post=2191"}],"version-history":[{"count":5,"href":"https:\/\/aggsa.cat\/es\/wp-json\/wp\/v2\/posts\/2191\/revisions"}],"predecessor-version":[{"id":3035,"href":"https:\/\/aggsa.cat\/es\/wp-json\/wp\/v2\/posts\/2191\/revisions\/3035"}],"wp:featuredmedia":[{"embeddable":true,"href":"https:\/\/aggsa.cat\/es\/wp-json\/wp\/v2\/media\/506"}],"wp:attachment":[{"href":"https:\/\/aggsa.cat\/es\/wp-json\/wp\/v2\/media?parent=2191"}],"wp:term":[{"taxonomy":"category","embeddable":true,"href":"https:\/\/aggsa.cat\/es\/wp-json\/wp\/v2\/categories?post=2191"},{"taxonomy":"post_tag","embeddable":true,"href":"https:\/\/aggsa.cat\/es\/wp-json\/wp\/v2\/tags?post=2191"}],"curies":[{"name":"wp","href":"https:\/\/api.w.org\/{rel}","templated":true}]}}